{"id":36399,"date":"2026-09-02T12:17:26","date_gmt":"2026-09-02T12:17:26","guid":{"rendered":"https:\/\/unze.ba\/?p=36399"},"modified":"2026-09-02T12:17:26","modified_gmt":"2026-09-02T12:17:26","slug":"european-dialogue-and-democracy-association-edda-poziv-za-prevodioce","status":"publish","type":"post","link":"https:\/\/unze.ba\/en\/european-dialogue-and-democracy-association-edda-poziv-za-prevodioce\/","title":{"rendered":"European Dialogue and Democracy Association (EDDA): Poziv za prevodioce"},"content":{"rendered":"<p><strong>Nevladina organizacija European Dialogue and Democracy Association (EDDA)<\/strong>\u00a0iz Norve\u0161ke trenutno anga\u017euje prevodioce koji bi pratili njihove posmatra\u010de na dan izbora u Sarajevu i okolini Sarajeva,\u00a0<strong>4. oktobra 2026. godine<\/strong>, poziv je otvoren za studente Univerziteta u Zenici.<\/p>\n<p>Vi\u0161e informacija o organizaciji EDDA, kao i o ulozi prevodilaca, uslovima i na\u010dinu prijave, zainteresovani kandidati mogu prona\u0107i u prilo\u017eenom dokumentu.<\/p>\n<p><strong>Rok za prijavu: 08.09.2026. godine.<\/strong><\/p>\n<p>Za odabrane volontere bit \u0107e obezbije\u0111ena\u00a0<strong>simboli\u010dna nov\u010dana naknada<\/strong>, kao i\u00a0<strong>certifikat o u\u010de\u0161\u0107u<\/strong>.<\/p>\n<p><a href=\"https:\/\/unze.ba\/wp-content\/uploads\/2026\/09\/EOM-Bosnia-Hercegovina-Call-for-interpreters-Sarajevo.pdf\">EOM Bosnia-Hercegovina Call for interpreters Sarajevo<\/a> (PDF)<\/p>","protected":false},"excerpt":{"rendered":"<p>Nevladina organizacija European Dialogue and Democracy Association (EDDA)\u00a0iz Norve\u0161ke trenutno&hellip;<\/p>","protected":false},"author":3,"featured_media":36400,"comment_status":"closed","ping_status":"open","sticky":false,"template":"","format":"standard","meta":{"footnotes":""},"categories":[3,21,105,26],"tags":[],"class_list":["post-36399","post","type-post","status-publish","format-standard","has-post-thumbnail","hentry","category-aktuelnosti","category-konkursi","category-konkursi-za-studente","category-medunarodna-saradnja","entry","has-media"],"jetpack_featured_media_url":"https:\/\/unze.ba\/wp-content\/uploads\/2026\/09\/EDDA.jpeg","_links":{"self":[{"href":"https:\/\/unze.ba\/en\/wp-json\/wp\/v2\/posts\/36399","targetHints":{"allow":["GET"]}}],"collection":[{"href":"https:\/\/unze.ba\/en\/wp-json\/wp\/v2\/posts"}],"about":[{"href":"https:\/\/unze.ba\/en\/wp-json\/wp\/v2\/types\/post"}],"author":[{"embeddable":true,"href":"https:\/\/unze.ba\/en\/wp-json\/wp\/v2\/users\/3"}],"replies":[{"embeddable":true,"href":"https:\/\/unze.ba\/en\/wp-json\/wp\/v2\/comments?post=36399"}],"version-history":[{"count":2,"href":"https:\/\/unze.ba\/en\/wp-json\/wp\/v2\/posts\/36399\/revisions"}],"predecessor-version":[{"id":36403,"href":"https:\/\/unze.ba\/en\/wp-json\/wp\/v2\/posts\/36399\/revisions\/36403"}],"wp:featuredmedia":[{"embeddable":true,"href":"https:\/\/unze.ba\/en\/wp-json\/wp\/v2\/media\/36400"}],"wp:attachment":[{"href":"https:\/\/unze.ba\/en\/wp-json\/wp\/v2\/media?parent=36399"}],"wp:term":[{"taxonomy":"category","embeddable":true,"href":"https:\/\/unze.ba\/en\/wp-json\/wp\/v2\/categories?post=36399"},{"taxonomy":"post_tag","embeddable":true,"href":"https:\/\/unze.ba\/en\/wp-json\/wp\/v2\/tags?post=36399"}],"curies":[{"name":"wp","href":"https:\/\/api.w.org\/{rel}","templated":true}]}}